{"id":6534,"date":"2024-06-24T21:25:33","date_gmt":"2024-06-25T01:25:33","guid":{"rendered":"https:\/\/villagevictoria.ca\/musique-dans-le-square\/"},"modified":"2024-07-24T14:34:17","modified_gmt":"2024-07-24T18:34:17","slug":"live-music-in-the-square","status":"publish","type":"post","link":"https:\/\/villagevictoria.ca\/en\/live-music-in-the-square\/","title":{"rendered":"Live Music in the Square"},"content":{"rendered":"<p>For the month of July, we are bringing a bit more life to Victoria Village with Live Music in the Square!<\/p>\n<p>Here are the scheduled musicians.<\/p>\n<h5>Saturday, July 6th: Double Tonic<\/h5>\n<p><strong>12:00pm<\/strong>&nbsp;to 12:45pm,&nbsp;<strong>1:15pm<\/strong>&nbsp;to 2:00pm, and&nbsp;<strong>2:45pm<\/strong>&nbsp;to 3:30pm<\/p>\n<p><span style=\"font-weight: 400;\">DOUBLE TONIC is one part <\/span><b><i>Gary White <\/i><\/b><span style=\"font-weight: 400;\">\u2013 a veteran of the Montreal music scene who has honed his craft&nbsp; (guitar\/vocals and harmonica) performing for audiences all over the world \u2013 and one part <\/span><b><i>Stephanie&nbsp; Marcq <\/i><\/b><span style=\"font-weight: 400;\">(vocals) \u2013 a late bloomer who has been flying under the radar killing it in Karaoke bars for years&nbsp; waiting for her big break. Combined, they make a sweet sound and their quirky repertoire, covering a&nbsp; broad range of artists including Nancy Sinatra, ABBA, Lady Gaga, Miley Cyrus, Janis Joplin and Sonny and&nbsp; Cher will put a smile on your face and leave you wanting more!&nbsp;<\/span><\/p>\n<p><a href=\"https:\/\/www.youtube.com\/watch?v=QjCwCT2EXMU\">Youtube<\/a><\/p>\n<h5>Sunday, July 14th: Sarah Vanderzon<\/h5>\n<p><strong>12:00pm<\/strong>&nbsp;to 12:45pm,&nbsp;<strong>1:15pm<\/strong>&nbsp;to 2:00pm, and&nbsp;<strong>2:45pm<\/strong>&nbsp;to 3:30pm<\/p>\n<p><span style=\"font-weight: 400;\">Sarah is a bilingual folk-pop singer\/songwriter from the south shore of Montreal who\u2019s quickly making her mark&nbsp; across Quebec. She recently put out her first EP \u201cSame Sad Eyes\u201d that includes her single \u201cI Don\u2019t Know Myself&nbsp; At All\u201d, an upbeat sad song about self-sabotage and staying in the same place. Her lyrics are inspired mostly on&nbsp; trying to navigate her purpose in life and on the heartbreaks that made her who she is today.<\/span><br \/>\n<a href=\"https:\/\/open.spotify.com\/album\/2cHXPc6TtWDFhG6SRDaX36?si=sfjG3O03T7O40C9XQp32OQ&amp;nd=1\">Spotify<\/a>&nbsp; &nbsp; &nbsp; &nbsp;<a href=\"https:\/\/www.instagram.com\/sarahvdzon\/\">Instagram<\/a>&nbsp; &nbsp; &nbsp; <a href=\"https:\/\/www.facebook.com\/sarahvdzon\/videos\/194821079481182\">Facebook<\/a>&nbsp; &nbsp; &nbsp; &nbsp; &nbsp;&nbsp;<a href=\"https:\/\/www.youtube.com\/watch?v=yrW6Zu7U8eY\">YouTube<\/a><\/p>\n<h5>Saturday, July 20th: Augie and Ron<\/h5>\n<p><strong>12:00pm<\/strong>&nbsp;to 12:45pm,&nbsp;<strong>1:15pm<\/strong>&nbsp;to 2:00pm, and&nbsp;<strong>2:45pm<\/strong>&nbsp;to 3:30pm<\/p>\n<p><span style=\"font-weight: 400;\">Augie and Ron are accomplished veterans of the Montreal music scene who have played all over the&nbsp; world. As a duo they are known for their unique and energetic acoustic renditions of rock, blues and soul.<\/span><\/p>\n<p><a href=\"https:\/\/www.marquees.ca\">Site web<\/a><\/p>\n<h5>Sunday, July 28th: Mick O&#8217;Grady<\/h5>\n<p><strong>12:00pm<\/strong>&nbsp;to 12:45pm,&nbsp;<strong>1:15pm<\/strong>&nbsp;to 2:00pm, and&nbsp;<strong>2:45pm<\/strong>&nbsp;to 3:30pm<\/p>\n<p><span style=\"font-weight: 400;\">Mick has been performing on the Montreal music scene as a singer\/songwriter\/soloist and as a member&nbsp; of various original and cover bands since the early 80s. His acoustic performances present renditions of&nbsp; well known classic acoustic pop, folk, blues and original compositions, featuring fingerpicking&nbsp; instrumentals as well as straight ahead pop and country rock.<\/span><\/p>\n","protected":false},"excerpt":{"rendered":"<p>For the month of July, we are bringing a bit more life to Victoria Village with Live Music in the Square! Here are the scheduled musicians. Saturday, July 6th: Double Tonic 12:00pm&nbsp;to 12:45pm,&nbsp;1:15pm&nbsp;to 2:00pm, and&nbsp;2:45pm&nbsp;to 3:30pm DOUBLE TONIC is one [&hellip;]<\/p>\n","protected":false},"author":8,"featured_media":6533,"comment_status":"closed","ping_status":"closed","sticky":false,"template":"","format":"standard","meta":{"ngg_post_thumbnail":0,"footnotes":""},"categories":[57],"tags":[],"class_list":["post-6534","post","type-post","status-publish","format-standard","has-post-thumbnail","hentry","category-uncategorized"],"acf":[],"yoast_head":"<!-- This site is optimized with the Yoast SEO plugin v20.4 - https:\/\/yoast.com\/wordpress\/plugins\/seo\/ -->\n<title>Live Music in the Square - Village Victoria<\/title>\n<meta name=\"robots\" content=\"index, follow, max-snippet:-1, max-image-preview:large, max-video-preview:-1\" \/>\n<link rel=\"canonical\" href=\"https:\/\/villagevictoria.ca\/en\/live-music-in-the-square\/\" \/>\n<meta property=\"og:locale\" content=\"en_US\" \/>\n<meta property=\"og:type\" content=\"article\" \/>\n<meta property=\"og:title\" content=\"Live Music in the Square - Village Victoria\" \/>\n<meta property=\"og:description\" content=\"For the month of July, we are bringing a bit more life to Victoria Village with Live Music in the Square! Here are the scheduled musicians. Saturday, July 6th: Double Tonic 12:00pm&nbsp;to 12:45pm,&nbsp;1:15pm&nbsp;to 2:00pm, and&nbsp;2:45pm&nbsp;to 3:30pm DOUBLE TONIC is one [&hellip;]\" \/>\n<meta property=\"og:url\" content=\"https:\/\/villagevictoria.ca\/en\/live-music-in-the-square\/\" \/>\n<meta property=\"og:site_name\" content=\"Village Victoria\" \/>\n<meta property=\"article:publisher\" content=\"https:\/\/www.facebook.com\/WestmountVictoriaVillage\/\" \/>\n<meta property=\"article:published_time\" content=\"2024-06-25T01:25:33+00:00\" \/>\n<meta property=\"article:modified_time\" content=\"2024-07-24T18:34:17+00:00\" \/>\n<meta property=\"og:image\" content=\"https:\/\/villagevictoria.ca\/wp-content\/uploads\/2024\/06\/Artboard-2-copy-768x768.png\" \/>\n\t<meta property=\"og:image:width\" content=\"768\" \/>\n\t<meta property=\"og:image:height\" content=\"768\" \/>\n\t<meta property=\"og:image:type\" content=\"image\/png\" \/>\n<meta name=\"author\" content=\"Anayis Ecityan\" \/>\n<meta name=\"twitter:card\" content=\"summary_large_image\" \/>\n<meta name=\"twitter:creator\" content=\"@WestmountVicto1\" \/>\n<meta name=\"twitter:site\" content=\"@WestmountVicto1\" \/>\n<meta name=\"twitter:label1\" content=\"Written by\" \/>\n\t<meta name=\"twitter:data1\" content=\"Anayis Ecityan\" \/>\n\t<meta name=\"twitter:label2\" content=\"Est. reading time\" \/>\n\t<meta name=\"twitter:data2\" content=\"2 minutes\" \/>\n<script type=\"application\/ld+json\" class=\"yoast-schema-graph\">{\"@context\":\"https:\/\/schema.org\",\"@graph\":[{\"@type\":\"Article\",\"@id\":\"https:\/\/villagevictoria.ca\/en\/live-music-in-the-square\/#article\",\"isPartOf\":{\"@id\":\"https:\/\/villagevictoria.ca\/en\/live-music-in-the-square\/\"},\"author\":{\"name\":\"Anayis Ecityan\",\"@id\":\"https:\/\/villagevictoria.ca\/fr\/#\/schema\/person\/2adcb34a7b9a4e6a0c7f704c18b70746\"},\"headline\":\"Live Music in the Square\",\"datePublished\":\"2024-06-25T01:25:33+00:00\",\"dateModified\":\"2024-07-24T18:34:17+00:00\",\"mainEntityOfPage\":{\"@id\":\"https:\/\/villagevictoria.ca\/en\/live-music-in-the-square\/\"},\"wordCount\":415,\"publisher\":{\"@id\":\"https:\/\/villagevictoria.ca\/fr\/#organization\"},\"inLanguage\":\"en-US\"},{\"@type\":\"WebPage\",\"@id\":\"https:\/\/villagevictoria.ca\/en\/live-music-in-the-square\/\",\"url\":\"https:\/\/villagevictoria.ca\/en\/live-music-in-the-square\/\",\"name\":\"Live Music in the Square - Village Victoria\",\"isPartOf\":{\"@id\":\"https:\/\/villagevictoria.ca\/fr\/#website\"},\"datePublished\":\"2024-06-25T01:25:33+00:00\",\"dateModified\":\"2024-07-24T18:34:17+00:00\",\"breadcrumb\":{\"@id\":\"https:\/\/villagevictoria.ca\/en\/live-music-in-the-square\/#breadcrumb\"},\"inLanguage\":\"en-US\",\"potentialAction\":[{\"@type\":\"ReadAction\",\"target\":[\"https:\/\/villagevictoria.ca\/en\/live-music-in-the-square\/\"]}]},{\"@type\":\"BreadcrumbList\",\"@id\":\"https:\/\/villagevictoria.ca\/en\/live-music-in-the-square\/#breadcrumb\",\"itemListElement\":[{\"@type\":\"ListItem\",\"position\":1,\"name\":\"Home\",\"item\":\"https:\/\/villagevictoria.ca\/en\/fullscreen-home\/\"},{\"@type\":\"ListItem\",\"position\":2,\"name\":\"Live Music in the Square\"}]},{\"@type\":\"WebSite\",\"@id\":\"https:\/\/villagevictoria.ca\/fr\/#website\",\"url\":\"https:\/\/villagevictoria.ca\/fr\/\",\"name\":\"Village Victoria\",\"description\":\"Rue Sherbrooke Ouest, Rue Victoria, de Claremont a Grosvenor, vos boutiques pr\u00e9f\u00e9r\u00e9es vous y attendent!\",\"publisher\":{\"@id\":\"https:\/\/villagevictoria.ca\/fr\/#organization\"},\"potentialAction\":[{\"@type\":\"SearchAction\",\"target\":{\"@type\":\"EntryPoint\",\"urlTemplate\":\"https:\/\/villagevictoria.ca\/fr\/?s={search_term_string}\"},\"query-input\":\"required name=search_term_string\"}],\"inLanguage\":\"en-US\"},{\"@type\":\"Organization\",\"@id\":\"https:\/\/villagevictoria.ca\/fr\/#organization\",\"name\":\"Westmount Victoria Village Merchants Association\",\"url\":\"https:\/\/villagevictoria.ca\/fr\/\",\"logo\":{\"@type\":\"ImageObject\",\"inLanguage\":\"en-US\",\"@id\":\"https:\/\/villagevictoria.ca\/fr\/#\/schema\/logo\/image\/\",\"url\":\"https:\/\/villagevictoria.ca\/wp-content\/uploads\/2019\/05\/VictoriaVillage_Logo_Westmount_Black.svg\",\"contentUrl\":\"https:\/\/villagevictoria.ca\/wp-content\/uploads\/2019\/05\/VictoriaVillage_Logo_Westmount_Black.svg\",\"width\":431,\"height\":430,\"caption\":\"Westmount Victoria Village Merchants Association\"},\"image\":{\"@id\":\"https:\/\/villagevictoria.ca\/fr\/#\/schema\/logo\/image\/\"},\"sameAs\":[\"https:\/\/www.facebook.com\/WestmountVictoriaVillage\/\",\"https:\/\/twitter.com\/WestmountVicto1\",\"https:\/\/www.linkedin.com\/company\/71197367\",\"https:\/\/www.youtube.com\/channel\/UCOO2QDr_DQdVnTeSTK6BJ2w\"]},{\"@type\":\"Person\",\"@id\":\"https:\/\/villagevictoria.ca\/fr\/#\/schema\/person\/2adcb34a7b9a4e6a0c7f704c18b70746\",\"name\":\"Anayis Ecityan\",\"image\":{\"@type\":\"ImageObject\",\"inLanguage\":\"en-US\",\"@id\":\"https:\/\/villagevictoria.ca\/fr\/#\/schema\/person\/image\/\",\"url\":\"https:\/\/secure.gravatar.com\/avatar\/20b754725668b87e43fcd1a79a12d5eb31f1e312767f688b367bfc0e90f80b77?s=96&d=mm&r=g\",\"contentUrl\":\"https:\/\/secure.gravatar.com\/avatar\/20b754725668b87e43fcd1a79a12d5eb31f1e312767f688b367bfc0e90f80b77?s=96&d=mm&r=g\",\"caption\":\"Anayis Ecityan\"}}]}<\/script>\n<!-- \/ Yoast SEO plugin. -->","yoast_head_json":{"title":"Live Music in the Square - Village Victoria","robots":{"index":"index","follow":"follow","max-snippet":"max-snippet:-1","max-image-preview":"max-image-preview:large","max-video-preview":"max-video-preview:-1"},"canonical":"https:\/\/villagevictoria.ca\/en\/live-music-in-the-square\/","og_locale":"en_US","og_type":"article","og_title":"Live Music in the Square - Village Victoria","og_description":"For the month of July, we are bringing a bit more life to Victoria Village with Live Music in the Square! Here are the scheduled musicians. Saturday, July 6th: Double Tonic 12:00pm&nbsp;to 12:45pm,&nbsp;1:15pm&nbsp;to 2:00pm, and&nbsp;2:45pm&nbsp;to 3:30pm DOUBLE TONIC is one [&hellip;]","og_url":"https:\/\/villagevictoria.ca\/en\/live-music-in-the-square\/","og_site_name":"Village Victoria","article_publisher":"https:\/\/www.facebook.com\/WestmountVictoriaVillage\/","article_published_time":"2024-06-25T01:25:33+00:00","article_modified_time":"2024-07-24T18:34:17+00:00","og_image":[{"width":768,"height":768,"url":"https:\/\/villagevictoria.ca\/wp-content\/uploads\/2024\/06\/Artboard-2-copy-768x768.png","type":"image\/png"}],"author":"Anayis Ecityan","twitter_card":"summary_large_image","twitter_creator":"@WestmountVicto1","twitter_site":"@WestmountVicto1","twitter_misc":{"Written by":"Anayis Ecityan","Est. reading time":"2 minutes"},"schema":{"@context":"https:\/\/schema.org","@graph":[{"@type":"Article","@id":"https:\/\/villagevictoria.ca\/en\/live-music-in-the-square\/#article","isPartOf":{"@id":"https:\/\/villagevictoria.ca\/en\/live-music-in-the-square\/"},"author":{"name":"Anayis Ecityan","@id":"https:\/\/villagevictoria.ca\/fr\/#\/schema\/person\/2adcb34a7b9a4e6a0c7f704c18b70746"},"headline":"Live Music in the Square","datePublished":"2024-06-25T01:25:33+00:00","dateModified":"2024-07-24T18:34:17+00:00","mainEntityOfPage":{"@id":"https:\/\/villagevictoria.ca\/en\/live-music-in-the-square\/"},"wordCount":415,"publisher":{"@id":"https:\/\/villagevictoria.ca\/fr\/#organization"},"inLanguage":"en-US"},{"@type":"WebPage","@id":"https:\/\/villagevictoria.ca\/en\/live-music-in-the-square\/","url":"https:\/\/villagevictoria.ca\/en\/live-music-in-the-square\/","name":"Live Music in the Square - Village Victoria","isPartOf":{"@id":"https:\/\/villagevictoria.ca\/fr\/#website"},"datePublished":"2024-06-25T01:25:33+00:00","dateModified":"2024-07-24T18:34:17+00:00","breadcrumb":{"@id":"https:\/\/villagevictoria.ca\/en\/live-music-in-the-square\/#breadcrumb"},"inLanguage":"en-US","potentialAction":[{"@type":"ReadAction","target":["https:\/\/villagevictoria.ca\/en\/live-music-in-the-square\/"]}]},{"@type":"BreadcrumbList","@id":"https:\/\/villagevictoria.ca\/en\/live-music-in-the-square\/#breadcrumb","itemListElement":[{"@type":"ListItem","position":1,"name":"Home","item":"https:\/\/villagevictoria.ca\/en\/fullscreen-home\/"},{"@type":"ListItem","position":2,"name":"Live Music in the Square"}]},{"@type":"WebSite","@id":"https:\/\/villagevictoria.ca\/fr\/#website","url":"https:\/\/villagevictoria.ca\/fr\/","name":"Village Victoria","description":"Rue Sherbrooke Ouest, Rue Victoria, de Claremont a Grosvenor, vos boutiques pr\u00e9f\u00e9r\u00e9es vous y attendent!","publisher":{"@id":"https:\/\/villagevictoria.ca\/fr\/#organization"},"potentialAction":[{"@type":"SearchAction","target":{"@type":"EntryPoint","urlTemplate":"https:\/\/villagevictoria.ca\/fr\/?s={search_term_string}"},"query-input":"required name=search_term_string"}],"inLanguage":"en-US"},{"@type":"Organization","@id":"https:\/\/villagevictoria.ca\/fr\/#organization","name":"Westmount Victoria Village Merchants Association","url":"https:\/\/villagevictoria.ca\/fr\/","logo":{"@type":"ImageObject","inLanguage":"en-US","@id":"https:\/\/villagevictoria.ca\/fr\/#\/schema\/logo\/image\/","url":"https:\/\/villagevictoria.ca\/wp-content\/uploads\/2019\/05\/VictoriaVillage_Logo_Westmount_Black.svg","contentUrl":"https:\/\/villagevictoria.ca\/wp-content\/uploads\/2019\/05\/VictoriaVillage_Logo_Westmount_Black.svg","width":431,"height":430,"caption":"Westmount Victoria Village Merchants Association"},"image":{"@id":"https:\/\/villagevictoria.ca\/fr\/#\/schema\/logo\/image\/"},"sameAs":["https:\/\/www.facebook.com\/WestmountVictoriaVillage\/","https:\/\/twitter.com\/WestmountVicto1","https:\/\/www.linkedin.com\/company\/71197367","https:\/\/www.youtube.com\/channel\/UCOO2QDr_DQdVnTeSTK6BJ2w"]},{"@type":"Person","@id":"https:\/\/villagevictoria.ca\/fr\/#\/schema\/person\/2adcb34a7b9a4e6a0c7f704c18b70746","name":"Anayis Ecityan","image":{"@type":"ImageObject","inLanguage":"en-US","@id":"https:\/\/villagevictoria.ca\/fr\/#\/schema\/person\/image\/","url":"https:\/\/secure.gravatar.com\/avatar\/20b754725668b87e43fcd1a79a12d5eb31f1e312767f688b367bfc0e90f80b77?s=96&d=mm&r=g","contentUrl":"https:\/\/secure.gravatar.com\/avatar\/20b754725668b87e43fcd1a79a12d5eb31f1e312767f688b367bfc0e90f80b77?s=96&d=mm&r=g","caption":"Anayis Ecityan"}}]}},"_links":{"self":[{"href":"https:\/\/villagevictoria.ca\/en\/wp-json\/wp\/v2\/posts\/6534","targetHints":{"allow":["GET"]}}],"collection":[{"href":"https:\/\/villagevictoria.ca\/en\/wp-json\/wp\/v2\/posts"}],"about":[{"href":"https:\/\/villagevictoria.ca\/en\/wp-json\/wp\/v2\/types\/post"}],"author":[{"embeddable":true,"href":"https:\/\/villagevictoria.ca\/en\/wp-json\/wp\/v2\/users\/8"}],"replies":[{"embeddable":true,"href":"https:\/\/villagevictoria.ca\/en\/wp-json\/wp\/v2\/comments?post=6534"}],"version-history":[{"count":0,"href":"https:\/\/villagevictoria.ca\/en\/wp-json\/wp\/v2\/posts\/6534\/revisions"}],"wp:featuredmedia":[{"embeddable":true,"href":"https:\/\/villagevictoria.ca\/en\/wp-json\/wp\/v2\/media\/6533"}],"wp:attachment":[{"href":"https:\/\/villagevictoria.ca\/en\/wp-json\/wp\/v2\/media?parent=6534"}],"wp:term":[{"taxonomy":"category","embeddable":true,"href":"https:\/\/villagevictoria.ca\/en\/wp-json\/wp\/v2\/categories?post=6534"},{"taxonomy":"post_tag","embeddable":true,"href":"https:\/\/villagevictoria.ca\/en\/wp-json\/wp\/v2\/tags?post=6534"}],"curies":[{"name":"wp","href":"https:\/\/api.w.org\/{rel}","templated":true}]}}