{"id":6266,"date":"2023-07-04T14:20:51","date_gmt":"2023-07-04T18:20:51","guid":{"rendered":"https:\/\/villagevictoria.ca\/?p=6266"},"modified":"2023-07-04T14:20:51","modified_gmt":"2023-07-04T18:20:51","slug":"lassociation-des-marchands-du-village-victoria","status":"publish","type":"post","link":"https:\/\/villagevictoria.ca\/fr\/lassociation-des-marchands-du-village-victoria\/","title":{"rendered":"Joignez-vous \u00e0 l&rsquo;Association des marchands du Village Victoria\u00a0!"},"content":{"rendered":"<p>L&rsquo;association des marchands du Village Victoria a \u00e9t\u00e9 cr\u00e9\u00e9e en avril 2018 pour regrouper les commer\u00e7ants, les propri\u00e9taires d&rsquo;immeubles et les professionnels. Ses objectifs sont de mobiliser ses membres autour de projets communs et de promouvoir le quartier Victoria Village et de stimuler son dynamisme.<\/p>\n<p>Nous voulons inciter les clients \u00e0 magasiner, \u00e0 manger et \u00e0 jouer dans la magnifique zone commerciale de Victoria Village.<\/p>\n<p>L&rsquo;adh\u00e9sion est ouverte \u00e0 tous les commerces de d\u00e9tail, galeries, restaurants, propri\u00e9taires d&rsquo;immeubles, prestataires de services et professionnels. En tant que membre de la Victoria Village Association, vous b\u00e9n\u00e9ficierez de notre site Web et de nos publications sur les r\u00e9seaux sociaux.<\/p>\n<p>T\u00e9l\u00e9chargez la brochure ci-dessous pour plus d&rsquo;informations :<\/p>\n<p><a href=\"https:\/\/villagevictoria.ca\/wp-content\/uploads\/2023\/07\/Victoria-Village-Membership-Brochure.pdf\">L&rsquo;association des marchands du Village Victoria<\/a><\/p>\n","protected":false},"excerpt":{"rendered":"<p>L&rsquo;association des marchands du Village Victoria a \u00e9t\u00e9 cr\u00e9\u00e9e en avril 2018 pour regrouper les commer\u00e7ants, les propri\u00e9taires d&rsquo;immeubles et les professionnels. Ses objectifs sont de mobiliser ses membres autour de projets communs et de promouvoir le quartier Victoria Village [&hellip;]<\/p>\n","protected":false},"author":8,"featured_media":5836,"comment_status":"closed","ping_status":"closed","sticky":false,"template":"","format":"standard","meta":{"ngg_post_thumbnail":0,"footnotes":""},"categories":[2],"tags":[],"class_list":["post-6266","post","type-post","status-publish","format-standard","has-post-thumbnail","hentry","category-annonces"],"acf":[],"yoast_head":"<!-- This site is optimized with the Yoast SEO plugin v20.4 - https:\/\/yoast.com\/wordpress\/plugins\/seo\/ -->\n<title>Joignez-vous \u00e0 l&#039;Association des marchands du Village Victoria\u00a0! - Village Victoria<\/title>\n<meta name=\"description\" content=\"L&#039;association des marchands du Village Victoria a \u00e9t\u00e9 cr\u00e9\u00e9e en avril 2018 pour regrouper les commer\u00e7ants, les propri\u00e9taires d&#039;immeubles et les professionnels.\" \/>\n<meta name=\"robots\" content=\"index, follow, max-snippet:-1, max-image-preview:large, max-video-preview:-1\" \/>\n<link rel=\"canonical\" href=\"https:\/\/villagevictoria.ca\/fr\/lassociation-des-marchands-du-village-victoria\/\" \/>\n<meta property=\"og:locale\" content=\"fr_FR\" \/>\n<meta property=\"og:type\" content=\"article\" \/>\n<meta property=\"og:title\" content=\"Joignez-vous \u00e0 l&#039;Association des marchands du Village Victoria\u00a0! - Village Victoria\" \/>\n<meta property=\"og:description\" content=\"L&#039;association des marchands du Village Victoria a \u00e9t\u00e9 cr\u00e9\u00e9e en avril 2018 pour regrouper les commer\u00e7ants, les propri\u00e9taires d&#039;immeubles et les professionnels.\" \/>\n<meta property=\"og:url\" content=\"https:\/\/villagevictoria.ca\/fr\/lassociation-des-marchands-du-village-victoria\/\" \/>\n<meta property=\"og:site_name\" content=\"Village Victoria\" \/>\n<meta property=\"article:publisher\" content=\"https:\/\/www.facebook.com\/WestmountVictoriaVillage\/\" \/>\n<meta property=\"article:published_time\" content=\"2023-07-04T18:20:51+00:00\" \/>\n<meta property=\"og:image\" content=\"https:\/\/villagevictoria.ca\/wp-content\/uploads\/2022\/06\/SAM_1044-scaled.jpg\" \/>\n\t<meta property=\"og:image:width\" content=\"2560\" \/>\n\t<meta property=\"og:image:height\" content=\"1707\" \/>\n\t<meta property=\"og:image:type\" content=\"image\/jpeg\" \/>\n<meta name=\"author\" content=\"Anayis Ecityan\" \/>\n<meta name=\"twitter:card\" content=\"summary_large_image\" \/>\n<meta name=\"twitter:creator\" content=\"@WestmountVicto1\" \/>\n<meta name=\"twitter:site\" content=\"@WestmountVicto1\" \/>\n<meta name=\"twitter:label1\" content=\"\u00c9crit par\" \/>\n\t<meta name=\"twitter:data1\" content=\"Anayis Ecityan\" \/>\n\t<meta name=\"twitter:label2\" content=\"Dur\u00e9e de lecture estim\u00e9e\" \/>\n\t<meta name=\"twitter:data2\" content=\"1 minute\" \/>\n<script type=\"application\/ld+json\" class=\"yoast-schema-graph\">{\"@context\":\"https:\/\/schema.org\",\"@graph\":[{\"@type\":\"Article\",\"@id\":\"https:\/\/villagevictoria.ca\/fr\/lassociation-des-marchands-du-village-victoria\/#article\",\"isPartOf\":{\"@id\":\"https:\/\/villagevictoria.ca\/fr\/lassociation-des-marchands-du-village-victoria\/\"},\"author\":{\"name\":\"Anayis Ecityan\",\"@id\":\"https:\/\/villagevictoria.ca\/fr\/#\/schema\/person\/2adcb34a7b9a4e6a0c7f704c18b70746\"},\"headline\":\"Joignez-vous \u00e0 l&rsquo;Association des marchands du Village Victoria\u00a0!\",\"datePublished\":\"2023-07-04T18:20:51+00:00\",\"dateModified\":\"2023-07-04T18:20:51+00:00\",\"mainEntityOfPage\":{\"@id\":\"https:\/\/villagevictoria.ca\/fr\/lassociation-des-marchands-du-village-victoria\/\"},\"wordCount\":132,\"publisher\":{\"@id\":\"https:\/\/villagevictoria.ca\/fr\/#organization\"},\"articleSection\":[\"Annonces\"],\"inLanguage\":\"fr-FR\"},{\"@type\":\"WebPage\",\"@id\":\"https:\/\/villagevictoria.ca\/fr\/lassociation-des-marchands-du-village-victoria\/\",\"url\":\"https:\/\/villagevictoria.ca\/fr\/lassociation-des-marchands-du-village-victoria\/\",\"name\":\"Joignez-vous \u00e0 l'Association des marchands du Village Victoria\u00a0! - Village Victoria\",\"isPartOf\":{\"@id\":\"https:\/\/villagevictoria.ca\/fr\/#website\"},\"datePublished\":\"2023-07-04T18:20:51+00:00\",\"dateModified\":\"2023-07-04T18:20:51+00:00\",\"description\":\"L'association des marchands du Village Victoria a \u00e9t\u00e9 cr\u00e9\u00e9e en avril 2018 pour regrouper les commer\u00e7ants, les propri\u00e9taires d'immeubles et les professionnels.\",\"breadcrumb\":{\"@id\":\"https:\/\/villagevictoria.ca\/fr\/lassociation-des-marchands-du-village-victoria\/#breadcrumb\"},\"inLanguage\":\"fr-FR\",\"potentialAction\":[{\"@type\":\"ReadAction\",\"target\":[\"https:\/\/villagevictoria.ca\/fr\/lassociation-des-marchands-du-village-victoria\/\"]}]},{\"@type\":\"BreadcrumbList\",\"@id\":\"https:\/\/villagevictoria.ca\/fr\/lassociation-des-marchands-du-village-victoria\/#breadcrumb\",\"itemListElement\":[{\"@type\":\"ListItem\",\"position\":1,\"name\":\"Home\",\"item\":\"https:\/\/villagevictoria.ca\/fr\/\"},{\"@type\":\"ListItem\",\"position\":2,\"name\":\"Joignez-vous \u00e0 l&#8217;Association des marchands du Village Victoria\u00a0!\"}]},{\"@type\":\"WebSite\",\"@id\":\"https:\/\/villagevictoria.ca\/fr\/#website\",\"url\":\"https:\/\/villagevictoria.ca\/fr\/\",\"name\":\"Village Victoria\",\"description\":\"Rue Sherbrooke Ouest, Rue Victoria, de Claremont a Grosvenor, vos boutiques pr\u00e9f\u00e9r\u00e9es vous y attendent!\",\"publisher\":{\"@id\":\"https:\/\/villagevictoria.ca\/fr\/#organization\"},\"potentialAction\":[{\"@type\":\"SearchAction\",\"target\":{\"@type\":\"EntryPoint\",\"urlTemplate\":\"https:\/\/villagevictoria.ca\/fr\/?s={search_term_string}\"},\"query-input\":\"required name=search_term_string\"}],\"inLanguage\":\"fr-FR\"},{\"@type\":\"Organization\",\"@id\":\"https:\/\/villagevictoria.ca\/fr\/#organization\",\"name\":\"Westmount Victoria Village Merchants Association\",\"url\":\"https:\/\/villagevictoria.ca\/fr\/\",\"logo\":{\"@type\":\"ImageObject\",\"inLanguage\":\"fr-FR\",\"@id\":\"https:\/\/villagevictoria.ca\/fr\/#\/schema\/logo\/image\/\",\"url\":\"https:\/\/villagevictoria.ca\/wp-content\/uploads\/2019\/05\/VictoriaVillage_Logo_Westmount_Black.svg\",\"contentUrl\":\"https:\/\/villagevictoria.ca\/wp-content\/uploads\/2019\/05\/VictoriaVillage_Logo_Westmount_Black.svg\",\"width\":431,\"height\":430,\"caption\":\"Westmount Victoria Village Merchants Association\"},\"image\":{\"@id\":\"https:\/\/villagevictoria.ca\/fr\/#\/schema\/logo\/image\/\"},\"sameAs\":[\"https:\/\/www.facebook.com\/WestmountVictoriaVillage\/\",\"https:\/\/twitter.com\/WestmountVicto1\",\"https:\/\/www.linkedin.com\/company\/71197367\",\"https:\/\/www.youtube.com\/channel\/UCOO2QDr_DQdVnTeSTK6BJ2w\"]},{\"@type\":\"Person\",\"@id\":\"https:\/\/villagevictoria.ca\/fr\/#\/schema\/person\/2adcb34a7b9a4e6a0c7f704c18b70746\",\"name\":\"Anayis Ecityan\",\"image\":{\"@type\":\"ImageObject\",\"inLanguage\":\"fr-FR\",\"@id\":\"https:\/\/villagevictoria.ca\/fr\/#\/schema\/person\/image\/\",\"url\":\"https:\/\/secure.gravatar.com\/avatar\/20b754725668b87e43fcd1a79a12d5eb31f1e312767f688b367bfc0e90f80b77?s=96&d=mm&r=g\",\"contentUrl\":\"https:\/\/secure.gravatar.com\/avatar\/20b754725668b87e43fcd1a79a12d5eb31f1e312767f688b367bfc0e90f80b77?s=96&d=mm&r=g\",\"caption\":\"Anayis Ecityan\"}}]}<\/script>\n<!-- \/ Yoast SEO plugin. -->","yoast_head_json":{"title":"Joignez-vous \u00e0 l'Association des marchands du Village Victoria\u00a0! - Village Victoria","description":"L'association des marchands du Village Victoria a \u00e9t\u00e9 cr\u00e9\u00e9e en avril 2018 pour regrouper les commer\u00e7ants, les propri\u00e9taires d'immeubles et les professionnels.","robots":{"index":"index","follow":"follow","max-snippet":"max-snippet:-1","max-image-preview":"max-image-preview:large","max-video-preview":"max-video-preview:-1"},"canonical":"https:\/\/villagevictoria.ca\/fr\/lassociation-des-marchands-du-village-victoria\/","og_locale":"fr_FR","og_type":"article","og_title":"Joignez-vous \u00e0 l'Association des marchands du Village Victoria\u00a0! - Village Victoria","og_description":"L'association des marchands du Village Victoria a \u00e9t\u00e9 cr\u00e9\u00e9e en avril 2018 pour regrouper les commer\u00e7ants, les propri\u00e9taires d'immeubles et les professionnels.","og_url":"https:\/\/villagevictoria.ca\/fr\/lassociation-des-marchands-du-village-victoria\/","og_site_name":"Village Victoria","article_publisher":"https:\/\/www.facebook.com\/WestmountVictoriaVillage\/","article_published_time":"2023-07-04T18:20:51+00:00","og_image":[{"width":2560,"height":1707,"url":"https:\/\/villagevictoria.ca\/wp-content\/uploads\/2022\/06\/SAM_1044-scaled.jpg","type":"image\/jpeg"}],"author":"Anayis Ecityan","twitter_card":"summary_large_image","twitter_creator":"@WestmountVicto1","twitter_site":"@WestmountVicto1","twitter_misc":{"\u00c9crit par":"Anayis Ecityan","Dur\u00e9e de lecture estim\u00e9e":"1 minute"},"schema":{"@context":"https:\/\/schema.org","@graph":[{"@type":"Article","@id":"https:\/\/villagevictoria.ca\/fr\/lassociation-des-marchands-du-village-victoria\/#article","isPartOf":{"@id":"https:\/\/villagevictoria.ca\/fr\/lassociation-des-marchands-du-village-victoria\/"},"author":{"name":"Anayis Ecityan","@id":"https:\/\/villagevictoria.ca\/fr\/#\/schema\/person\/2adcb34a7b9a4e6a0c7f704c18b70746"},"headline":"Joignez-vous \u00e0 l&rsquo;Association des marchands du Village Victoria\u00a0!","datePublished":"2023-07-04T18:20:51+00:00","dateModified":"2023-07-04T18:20:51+00:00","mainEntityOfPage":{"@id":"https:\/\/villagevictoria.ca\/fr\/lassociation-des-marchands-du-village-victoria\/"},"wordCount":132,"publisher":{"@id":"https:\/\/villagevictoria.ca\/fr\/#organization"},"articleSection":["Annonces"],"inLanguage":"fr-FR"},{"@type":"WebPage","@id":"https:\/\/villagevictoria.ca\/fr\/lassociation-des-marchands-du-village-victoria\/","url":"https:\/\/villagevictoria.ca\/fr\/lassociation-des-marchands-du-village-victoria\/","name":"Joignez-vous \u00e0 l'Association des marchands du Village Victoria\u00a0! - Village Victoria","isPartOf":{"@id":"https:\/\/villagevictoria.ca\/fr\/#website"},"datePublished":"2023-07-04T18:20:51+00:00","dateModified":"2023-07-04T18:20:51+00:00","description":"L'association des marchands du Village Victoria a \u00e9t\u00e9 cr\u00e9\u00e9e en avril 2018 pour regrouper les commer\u00e7ants, les propri\u00e9taires d'immeubles et les professionnels.","breadcrumb":{"@id":"https:\/\/villagevictoria.ca\/fr\/lassociation-des-marchands-du-village-victoria\/#breadcrumb"},"inLanguage":"fr-FR","potentialAction":[{"@type":"ReadAction","target":["https:\/\/villagevictoria.ca\/fr\/lassociation-des-marchands-du-village-victoria\/"]}]},{"@type":"BreadcrumbList","@id":"https:\/\/villagevictoria.ca\/fr\/lassociation-des-marchands-du-village-victoria\/#breadcrumb","itemListElement":[{"@type":"ListItem","position":1,"name":"Home","item":"https:\/\/villagevictoria.ca\/fr\/"},{"@type":"ListItem","position":2,"name":"Joignez-vous \u00e0 l&#8217;Association des marchands du Village Victoria\u00a0!"}]},{"@type":"WebSite","@id":"https:\/\/villagevictoria.ca\/fr\/#website","url":"https:\/\/villagevictoria.ca\/fr\/","name":"Village Victoria","description":"Rue Sherbrooke Ouest, Rue Victoria, de Claremont a Grosvenor, vos boutiques pr\u00e9f\u00e9r\u00e9es vous y attendent!","publisher":{"@id":"https:\/\/villagevictoria.ca\/fr\/#organization"},"potentialAction":[{"@type":"SearchAction","target":{"@type":"EntryPoint","urlTemplate":"https:\/\/villagevictoria.ca\/fr\/?s={search_term_string}"},"query-input":"required name=search_term_string"}],"inLanguage":"fr-FR"},{"@type":"Organization","@id":"https:\/\/villagevictoria.ca\/fr\/#organization","name":"Westmount Victoria Village Merchants Association","url":"https:\/\/villagevictoria.ca\/fr\/","logo":{"@type":"ImageObject","inLanguage":"fr-FR","@id":"https:\/\/villagevictoria.ca\/fr\/#\/schema\/logo\/image\/","url":"https:\/\/villagevictoria.ca\/wp-content\/uploads\/2019\/05\/VictoriaVillage_Logo_Westmount_Black.svg","contentUrl":"https:\/\/villagevictoria.ca\/wp-content\/uploads\/2019\/05\/VictoriaVillage_Logo_Westmount_Black.svg","width":431,"height":430,"caption":"Westmount Victoria Village Merchants Association"},"image":{"@id":"https:\/\/villagevictoria.ca\/fr\/#\/schema\/logo\/image\/"},"sameAs":["https:\/\/www.facebook.com\/WestmountVictoriaVillage\/","https:\/\/twitter.com\/WestmountVicto1","https:\/\/www.linkedin.com\/company\/71197367","https:\/\/www.youtube.com\/channel\/UCOO2QDr_DQdVnTeSTK6BJ2w"]},{"@type":"Person","@id":"https:\/\/villagevictoria.ca\/fr\/#\/schema\/person\/2adcb34a7b9a4e6a0c7f704c18b70746","name":"Anayis Ecityan","image":{"@type":"ImageObject","inLanguage":"fr-FR","@id":"https:\/\/villagevictoria.ca\/fr\/#\/schema\/person\/image\/","url":"https:\/\/secure.gravatar.com\/avatar\/20b754725668b87e43fcd1a79a12d5eb31f1e312767f688b367bfc0e90f80b77?s=96&d=mm&r=g","contentUrl":"https:\/\/secure.gravatar.com\/avatar\/20b754725668b87e43fcd1a79a12d5eb31f1e312767f688b367bfc0e90f80b77?s=96&d=mm&r=g","caption":"Anayis Ecityan"}}]}},"_links":{"self":[{"href":"https:\/\/villagevictoria.ca\/fr\/wp-json\/wp\/v2\/posts\/6266","targetHints":{"allow":["GET"]}}],"collection":[{"href":"https:\/\/villagevictoria.ca\/fr\/wp-json\/wp\/v2\/posts"}],"about":[{"href":"https:\/\/villagevictoria.ca\/fr\/wp-json\/wp\/v2\/types\/post"}],"author":[{"embeddable":true,"href":"https:\/\/villagevictoria.ca\/fr\/wp-json\/wp\/v2\/users\/8"}],"replies":[{"embeddable":true,"href":"https:\/\/villagevictoria.ca\/fr\/wp-json\/wp\/v2\/comments?post=6266"}],"version-history":[{"count":0,"href":"https:\/\/villagevictoria.ca\/fr\/wp-json\/wp\/v2\/posts\/6266\/revisions"}],"wp:featuredmedia":[{"embeddable":true,"href":"https:\/\/villagevictoria.ca\/fr\/wp-json\/wp\/v2\/media\/5836"}],"wp:attachment":[{"href":"https:\/\/villagevictoria.ca\/fr\/wp-json\/wp\/v2\/media?parent=6266"}],"wp:term":[{"taxonomy":"category","embeddable":true,"href":"https:\/\/villagevictoria.ca\/fr\/wp-json\/wp\/v2\/categories?post=6266"},{"taxonomy":"post_tag","embeddable":true,"href":"https:\/\/villagevictoria.ca\/fr\/wp-json\/wp\/v2\/tags?post=6266"}],"curies":[{"name":"wp","href":"https:\/\/api.w.org\/{rel}","templated":true}]}}